{"id":11414,"date":"2021-03-26T18:49:31","date_gmt":"2021-03-26T17:49:31","guid":{"rendered":"http:\/\/www.jazzypunto.es\/jazzaragon\/?p=11414"},"modified":"2021-03-26T19:07:48","modified_gmt":"2021-03-26T18:07:48","slug":"huesca-se-mueve","status":"publish","type":"post","link":"https:\/\/www.jazzypunto.es\/jazzaragon\/huesca-se-mueve\/","title":{"rendered":"Huesca se mueve"},"content":{"rendered":"<h4 style=\"text-align: center;\"><em>\u00c9ste viernes fin de fiestas en Sabi\u00f1\u00e1nigo con:<\/em><\/h4>\n<h4 style=\"text-align: center;\"><em> <strong>B Vocal<\/strong> a las <strong>19:45<\/strong> en el Auditorio de la Colina, Calle Manuel Viamonte.<\/em><\/h4>\n<hr \/>\n<h5 style=\"text-align: center;\"><em>Y el Domingo en Huesca, en el<\/em><br \/><em>Centro Cultural Manuel Benito Moliner<\/em><br \/><em>a las 19:00 horas<\/em><\/h5>\n<p><img data-recalc-dims=\"1\" decoding=\"async\" class=\"aligncenter size-full wp-image-11415 lazyload\" data-src=\"https:\/\/i0.wp.com\/www.jazzypunto.es\/jazzaragon\/wp-content\/uploads\/2021\/03\/GdelVal-Trio-%E2%94%AC%C2%AECarlos-Perica%E2%95%A0us.jpg?resize=474%2C337\" alt=\"\" width=\"474\" height=\"337\" data-srcset=\"https:\/\/i0.wp.com\/www.jazzypunto.es\/jazzaragon\/wp-content\/uploads\/2021\/03\/GdelVal-Trio-%E2%94%AC%C2%AECarlos-Perica%E2%95%A0us.jpg?w=500&amp;ssl=1 500w, https:\/\/i0.wp.com\/www.jazzypunto.es\/jazzaragon\/wp-content\/uploads\/2021\/03\/GdelVal-Trio-%E2%94%AC%C2%AECarlos-Perica%E2%95%A0us.jpg?resize=300%2C213&amp;ssl=1 300w\" data-sizes=\"(max-width: 474px) 100vw, 474px\" src=\"data:image\/svg+xml;base64,PHN2ZyB3aWR0aD0iMSIgaGVpZ2h0PSIxIiB4bWxucz0iaHR0cDovL3d3dy53My5vcmcvMjAwMC9zdmciPjwvc3ZnPg==\" style=\"--smush-placeholder-width: 474px; --smush-placeholder-aspect-ratio: 474\/337;\" \/><\/p>\n<p style=\"text-align: center;\"><em><strong>Gonzalo del Val<\/strong>: bater\u00eda<\/em><br \/><em><strong>Marco Mezquida<\/strong>: piano<\/em><br \/><em><strong>David Mengual<\/strong>: contrabajo\u00a0<\/em><\/p>\n<p><em>M\u00fasico Invitado:<\/em><\/p>\n<p style=\"text-align: center;\"><em><strong>Benet Palet<\/strong>: trompeta<\/em><\/p>\n<p>\u00a0<\/p>\n\n\n<p><\/p>\n","protected":false},"excerpt":{"rendered":"<p>\u00c9ste viernes fin de fiestas en Sabi\u00f1\u00e1nigo con: B Vocal a las 19:45 en el Auditorio de la Colina, Calle Manuel Viamonte. Y el Domingo en Huesca, en elCentro Cultural Manuel Benito Molinera las 19:00 horas Gonzalo del Val: bater\u00edaMarco Mezquida: pianoDavid Mengual: contrabajo\u00a0 M\u00fasico Invitado: Benet Palet: trompeta \u00a0<\/p>\n","protected":false},"author":1,"featured_media":11418,"comment_status":"open","ping_status":"open","sticky":false,"template":"","format":"standard","meta":{"_jetpack_memberships_contains_paid_content":false,"footnotes":""},"categories":[74],"tags":[],"class_list":["post-11414","post","type-post","status-publish","format-standard","has-post-thumbnail","hentry","category-jazz"],"yoast_head":"<!-- This site is optimized with the Yoast SEO plugin v27.5 - https:\/\/yoast.com\/product\/yoast-seo-wordpress\/ -->\n<title>Huesca se mueve &#8212; Jazz Arag\u00f3n<\/title>\n<meta name=\"robots\" content=\"index, follow, max-snippet:-1, max-image-preview:large, max-video-preview:-1\" \/>\n<link rel=\"canonical\" href=\"https:\/\/www.jazzypunto.es\/jazzaragon\/huesca-se-mueve\/\" \/>\n<meta property=\"og:locale\" content=\"es_ES\" \/>\n<meta property=\"og:type\" content=\"article\" \/>\n<meta property=\"og:title\" content=\"Huesca se mueve &#8212; Jazz Arag\u00f3n\" \/>\n<meta property=\"og:description\" content=\"\u00c9ste viernes fin de fiestas en Sabi\u00f1\u00e1nigo con: B Vocal a las 19:45 en el Auditorio de la Colina, Calle Manuel Viamonte. Y el Domingo en Huesca, en elCentro Cultural Manuel Benito Molinera las 19:00 horas Gonzalo del Val: bater\u00edaMarco Mezquida: pianoDavid Mengual: contrabajo\u00a0 M\u00fasico Invitado: Benet Palet: trompeta \u00a0\" \/>\n<meta property=\"og:url\" content=\"https:\/\/www.jazzypunto.es\/jazzaragon\/huesca-se-mueve\/\" \/>\n<meta property=\"og:site_name\" content=\"Jazz Arag\u00f3n\" \/>\n<meta property=\"article:publisher\" content=\"https:\/\/www.facebook.com\/Danijazz\/\" \/>\n<meta property=\"article:author\" content=\"https:\/\/www.facebook.com\/Danijazz\/\" \/>\n<meta property=\"article:published_time\" content=\"2021-03-26T17:49:31+00:00\" \/>\n<meta property=\"article:modified_time\" content=\"2021-03-26T18:07:48+00:00\" \/>\n<meta property=\"og:image\" content=\"https:\/\/i0.wp.com\/www.jazzypunto.es\/jazzaragon\/wp-content\/uploads\/2021\/03\/Trompeta-Huesca.jpg?fit=1612%2C636&ssl=1\" \/>\n\t<meta property=\"og:image:width\" content=\"1612\" \/>\n\t<meta property=\"og:image:height\" content=\"636\" \/>\n\t<meta property=\"og:image:type\" content=\"image\/jpeg\" \/>\n<meta name=\"author\" content=\"Danijazz\" \/>\n<meta name=\"twitter:card\" content=\"summary_large_image\" \/>\n<meta name=\"twitter:creator\" content=\"@_jazzaragon\" \/>\n<meta name=\"twitter:site\" content=\"@_jazzaragon\" \/>\n<meta name=\"twitter:label1\" content=\"Escrito por\" \/>\n\t<meta name=\"twitter:data1\" content=\"Danijazz\" \/>\n<script type=\"application\/ld+json\" class=\"yoast-schema-graph\">{\"@context\":\"https:\\\/\\\/schema.org\",\"@graph\":[{\"@type\":\"Article\",\"@id\":\"https:\\\/\\\/www.jazzypunto.es\\\/jazzaragon\\\/huesca-se-mueve\\\/#article\",\"isPartOf\":{\"@id\":\"https:\\\/\\\/www.jazzypunto.es\\\/jazzaragon\\\/huesca-se-mueve\\\/\"},\"author\":{\"name\":\"Danijazz\",\"@id\":\"https:\\\/\\\/www.jazzypunto.es\\\/jazzaragon\\\/#\\\/schema\\\/person\\\/c0d650c3b28b68befb325c5cddc3b0fe\"},\"headline\":\"Huesca se mueve\",\"datePublished\":\"2021-03-26T17:49:31+00:00\",\"dateModified\":\"2021-03-26T18:07:48+00:00\",\"mainEntityOfPage\":{\"@id\":\"https:\\\/\\\/www.jazzypunto.es\\\/jazzaragon\\\/huesca-se-mueve\\\/\"},\"wordCount\":57,\"commentCount\":0,\"publisher\":{\"@id\":\"https:\\\/\\\/www.jazzypunto.es\\\/jazzaragon\\\/#\\\/schema\\\/person\\\/c0d650c3b28b68befb325c5cddc3b0fe\"},\"image\":{\"@id\":\"https:\\\/\\\/www.jazzypunto.es\\\/jazzaragon\\\/huesca-se-mueve\\\/#primaryimage\"},\"thumbnailUrl\":\"https:\\\/\\\/i0.wp.com\\\/www.jazzypunto.es\\\/jazzaragon\\\/wp-content\\\/uploads\\\/2021\\\/03\\\/Trompeta-Huesca.jpg?fit=1612%2C636&ssl=1\",\"articleSection\":[\"Jazz\"],\"inLanguage\":\"es\",\"potentialAction\":[{\"@type\":\"CommentAction\",\"name\":\"Comment\",\"target\":[\"https:\\\/\\\/www.jazzypunto.es\\\/jazzaragon\\\/huesca-se-mueve\\\/#respond\"]}]},{\"@type\":\"WebPage\",\"@id\":\"https:\\\/\\\/www.jazzypunto.es\\\/jazzaragon\\\/huesca-se-mueve\\\/\",\"url\":\"https:\\\/\\\/www.jazzypunto.es\\\/jazzaragon\\\/huesca-se-mueve\\\/\",\"name\":\"Huesca se mueve &#8212; Jazz Arag\u00f3n\",\"isPartOf\":{\"@id\":\"https:\\\/\\\/www.jazzypunto.es\\\/jazzaragon\\\/#website\"},\"primaryImageOfPage\":{\"@id\":\"https:\\\/\\\/www.jazzypunto.es\\\/jazzaragon\\\/huesca-se-mueve\\\/#primaryimage\"},\"image\":{\"@id\":\"https:\\\/\\\/www.jazzypunto.es\\\/jazzaragon\\\/huesca-se-mueve\\\/#primaryimage\"},\"thumbnailUrl\":\"https:\\\/\\\/i0.wp.com\\\/www.jazzypunto.es\\\/jazzaragon\\\/wp-content\\\/uploads\\\/2021\\\/03\\\/Trompeta-Huesca.jpg?fit=1612%2C636&ssl=1\",\"datePublished\":\"2021-03-26T17:49:31+00:00\",\"dateModified\":\"2021-03-26T18:07:48+00:00\",\"breadcrumb\":{\"@id\":\"https:\\\/\\\/www.jazzypunto.es\\\/jazzaragon\\\/huesca-se-mueve\\\/#breadcrumb\"},\"inLanguage\":\"es\",\"potentialAction\":[{\"@type\":\"ReadAction\",\"target\":[\"https:\\\/\\\/www.jazzypunto.es\\\/jazzaragon\\\/huesca-se-mueve\\\/\"]}]},{\"@type\":\"ImageObject\",\"inLanguage\":\"es\",\"@id\":\"https:\\\/\\\/www.jazzypunto.es\\\/jazzaragon\\\/huesca-se-mueve\\\/#primaryimage\",\"url\":\"https:\\\/\\\/i0.wp.com\\\/www.jazzypunto.es\\\/jazzaragon\\\/wp-content\\\/uploads\\\/2021\\\/03\\\/Trompeta-Huesca.jpg?fit=1612%2C636&ssl=1\",\"contentUrl\":\"https:\\\/\\\/i0.wp.com\\\/www.jazzypunto.es\\\/jazzaragon\\\/wp-content\\\/uploads\\\/2021\\\/03\\\/Trompeta-Huesca.jpg?fit=1612%2C636&ssl=1\",\"width\":1612,\"height\":636},{\"@type\":\"BreadcrumbList\",\"@id\":\"https:\\\/\\\/www.jazzypunto.es\\\/jazzaragon\\\/huesca-se-mueve\\\/#breadcrumb\",\"itemListElement\":[{\"@type\":\"ListItem\",\"position\":1,\"name\":\"Portada\",\"item\":\"https:\\\/\\\/www.jazzypunto.es\\\/jazzaragon\\\/\"},{\"@type\":\"ListItem\",\"position\":2,\"name\":\"Huesca se mueve\"}]},{\"@type\":\"WebSite\",\"@id\":\"https:\\\/\\\/www.jazzypunto.es\\\/jazzaragon\\\/#website\",\"url\":\"https:\\\/\\\/www.jazzypunto.es\\\/jazzaragon\\\/\",\"name\":\"Jazz Arag\u00f3n\",\"description\":\"Historia y Actualidad\",\"publisher\":{\"@id\":\"https:\\\/\\\/www.jazzypunto.es\\\/jazzaragon\\\/#\\\/schema\\\/person\\\/c0d650c3b28b68befb325c5cddc3b0fe\"},\"potentialAction\":[{\"@type\":\"SearchAction\",\"target\":{\"@type\":\"EntryPoint\",\"urlTemplate\":\"https:\\\/\\\/www.jazzypunto.es\\\/jazzaragon\\\/?s={search_term_string}\"},\"query-input\":{\"@type\":\"PropertyValueSpecification\",\"valueRequired\":true,\"valueName\":\"search_term_string\"}}],\"inLanguage\":\"es\"},{\"@type\":[\"Person\",\"Organization\"],\"@id\":\"https:\\\/\\\/www.jazzypunto.es\\\/jazzaragon\\\/#\\\/schema\\\/person\\\/c0d650c3b28b68befb325c5cddc3b0fe\",\"name\":\"Danijazz\",\"image\":{\"@type\":\"ImageObject\",\"inLanguage\":\"es\",\"@id\":\"https:\\\/\\\/i0.wp.com\\\/www.jazzypunto.es\\\/jazzaragon\\\/wp-content\\\/uploads\\\/2022\\\/11\\\/Benja_Daniel-e1667983357479.jpg?fit=1000%2C975&ssl=1\",\"url\":\"https:\\\/\\\/i0.wp.com\\\/www.jazzypunto.es\\\/jazzaragon\\\/wp-content\\\/uploads\\\/2022\\\/11\\\/Benja_Daniel-e1667983357479.jpg?fit=1000%2C975&ssl=1\",\"contentUrl\":\"https:\\\/\\\/i0.wp.com\\\/www.jazzypunto.es\\\/jazzaragon\\\/wp-content\\\/uploads\\\/2022\\\/11\\\/Benja_Daniel-e1667983357479.jpg?fit=1000%2C975&ssl=1\",\"width\":1000,\"height\":975,\"caption\":\"Danijazz\"},\"logo\":{\"@id\":\"https:\\\/\\\/i0.wp.com\\\/www.jazzypunto.es\\\/jazzaragon\\\/wp-content\\\/uploads\\\/2022\\\/11\\\/Benja_Daniel-e1667983357479.jpg?fit=1000%2C975&ssl=1\"},\"sameAs\":[\"https:\\\/\\\/www.facebook.com\\\/Danijazz\\\/\"]}]}<\/script>\n<!-- \/ Yoast SEO plugin. -->","yoast_head_json":{"title":"Huesca se mueve &#8212; Jazz Arag\u00f3n","robots":{"index":"index","follow":"follow","max-snippet":"max-snippet:-1","max-image-preview":"max-image-preview:large","max-video-preview":"max-video-preview:-1"},"canonical":"https:\/\/www.jazzypunto.es\/jazzaragon\/huesca-se-mueve\/","og_locale":"es_ES","og_type":"article","og_title":"Huesca se mueve &#8212; Jazz Arag\u00f3n","og_description":"\u00c9ste viernes fin de fiestas en Sabi\u00f1\u00e1nigo con: B Vocal a las 19:45 en el Auditorio de la Colina, Calle Manuel Viamonte. Y el Domingo en Huesca, en elCentro Cultural Manuel Benito Molinera las 19:00 horas Gonzalo del Val: bater\u00edaMarco Mezquida: pianoDavid Mengual: contrabajo\u00a0 M\u00fasico Invitado: Benet Palet: trompeta \u00a0","og_url":"https:\/\/www.jazzypunto.es\/jazzaragon\/huesca-se-mueve\/","og_site_name":"Jazz Arag\u00f3n","article_publisher":"https:\/\/www.facebook.com\/Danijazz\/","article_author":"https:\/\/www.facebook.com\/Danijazz\/","article_published_time":"2021-03-26T17:49:31+00:00","article_modified_time":"2021-03-26T18:07:48+00:00","og_image":[{"width":1612,"height":636,"url":"https:\/\/i0.wp.com\/www.jazzypunto.es\/jazzaragon\/wp-content\/uploads\/2021\/03\/Trompeta-Huesca.jpg?fit=1612%2C636&ssl=1","type":"image\/jpeg"}],"author":"Danijazz","twitter_card":"summary_large_image","twitter_creator":"@_jazzaragon","twitter_site":"@_jazzaragon","twitter_misc":{"Escrito por":"Danijazz"},"schema":{"@context":"https:\/\/schema.org","@graph":[{"@type":"Article","@id":"https:\/\/www.jazzypunto.es\/jazzaragon\/huesca-se-mueve\/#article","isPartOf":{"@id":"https:\/\/www.jazzypunto.es\/jazzaragon\/huesca-se-mueve\/"},"author":{"name":"Danijazz","@id":"https:\/\/www.jazzypunto.es\/jazzaragon\/#\/schema\/person\/c0d650c3b28b68befb325c5cddc3b0fe"},"headline":"Huesca se mueve","datePublished":"2021-03-26T17:49:31+00:00","dateModified":"2021-03-26T18:07:48+00:00","mainEntityOfPage":{"@id":"https:\/\/www.jazzypunto.es\/jazzaragon\/huesca-se-mueve\/"},"wordCount":57,"commentCount":0,"publisher":{"@id":"https:\/\/www.jazzypunto.es\/jazzaragon\/#\/schema\/person\/c0d650c3b28b68befb325c5cddc3b0fe"},"image":{"@id":"https:\/\/www.jazzypunto.es\/jazzaragon\/huesca-se-mueve\/#primaryimage"},"thumbnailUrl":"https:\/\/i0.wp.com\/www.jazzypunto.es\/jazzaragon\/wp-content\/uploads\/2021\/03\/Trompeta-Huesca.jpg?fit=1612%2C636&ssl=1","articleSection":["Jazz"],"inLanguage":"es","potentialAction":[{"@type":"CommentAction","name":"Comment","target":["https:\/\/www.jazzypunto.es\/jazzaragon\/huesca-se-mueve\/#respond"]}]},{"@type":"WebPage","@id":"https:\/\/www.jazzypunto.es\/jazzaragon\/huesca-se-mueve\/","url":"https:\/\/www.jazzypunto.es\/jazzaragon\/huesca-se-mueve\/","name":"Huesca se mueve &#8212; Jazz Arag\u00f3n","isPartOf":{"@id":"https:\/\/www.jazzypunto.es\/jazzaragon\/#website"},"primaryImageOfPage":{"@id":"https:\/\/www.jazzypunto.es\/jazzaragon\/huesca-se-mueve\/#primaryimage"},"image":{"@id":"https:\/\/www.jazzypunto.es\/jazzaragon\/huesca-se-mueve\/#primaryimage"},"thumbnailUrl":"https:\/\/i0.wp.com\/www.jazzypunto.es\/jazzaragon\/wp-content\/uploads\/2021\/03\/Trompeta-Huesca.jpg?fit=1612%2C636&ssl=1","datePublished":"2021-03-26T17:49:31+00:00","dateModified":"2021-03-26T18:07:48+00:00","breadcrumb":{"@id":"https:\/\/www.jazzypunto.es\/jazzaragon\/huesca-se-mueve\/#breadcrumb"},"inLanguage":"es","potentialAction":[{"@type":"ReadAction","target":["https:\/\/www.jazzypunto.es\/jazzaragon\/huesca-se-mueve\/"]}]},{"@type":"ImageObject","inLanguage":"es","@id":"https:\/\/www.jazzypunto.es\/jazzaragon\/huesca-se-mueve\/#primaryimage","url":"https:\/\/i0.wp.com\/www.jazzypunto.es\/jazzaragon\/wp-content\/uploads\/2021\/03\/Trompeta-Huesca.jpg?fit=1612%2C636&ssl=1","contentUrl":"https:\/\/i0.wp.com\/www.jazzypunto.es\/jazzaragon\/wp-content\/uploads\/2021\/03\/Trompeta-Huesca.jpg?fit=1612%2C636&ssl=1","width":1612,"height":636},{"@type":"BreadcrumbList","@id":"https:\/\/www.jazzypunto.es\/jazzaragon\/huesca-se-mueve\/#breadcrumb","itemListElement":[{"@type":"ListItem","position":1,"name":"Portada","item":"https:\/\/www.jazzypunto.es\/jazzaragon\/"},{"@type":"ListItem","position":2,"name":"Huesca se mueve"}]},{"@type":"WebSite","@id":"https:\/\/www.jazzypunto.es\/jazzaragon\/#website","url":"https:\/\/www.jazzypunto.es\/jazzaragon\/","name":"Jazz Arag\u00f3n","description":"Historia y Actualidad","publisher":{"@id":"https:\/\/www.jazzypunto.es\/jazzaragon\/#\/schema\/person\/c0d650c3b28b68befb325c5cddc3b0fe"},"potentialAction":[{"@type":"SearchAction","target":{"@type":"EntryPoint","urlTemplate":"https:\/\/www.jazzypunto.es\/jazzaragon\/?s={search_term_string}"},"query-input":{"@type":"PropertyValueSpecification","valueRequired":true,"valueName":"search_term_string"}}],"inLanguage":"es"},{"@type":["Person","Organization"],"@id":"https:\/\/www.jazzypunto.es\/jazzaragon\/#\/schema\/person\/c0d650c3b28b68befb325c5cddc3b0fe","name":"Danijazz","image":{"@type":"ImageObject","inLanguage":"es","@id":"https:\/\/i0.wp.com\/www.jazzypunto.es\/jazzaragon\/wp-content\/uploads\/2022\/11\/Benja_Daniel-e1667983357479.jpg?fit=1000%2C975&ssl=1","url":"https:\/\/i0.wp.com\/www.jazzypunto.es\/jazzaragon\/wp-content\/uploads\/2022\/11\/Benja_Daniel-e1667983357479.jpg?fit=1000%2C975&ssl=1","contentUrl":"https:\/\/i0.wp.com\/www.jazzypunto.es\/jazzaragon\/wp-content\/uploads\/2022\/11\/Benja_Daniel-e1667983357479.jpg?fit=1000%2C975&ssl=1","width":1000,"height":975,"caption":"Danijazz"},"logo":{"@id":"https:\/\/i0.wp.com\/www.jazzypunto.es\/jazzaragon\/wp-content\/uploads\/2022\/11\/Benja_Daniel-e1667983357479.jpg?fit=1000%2C975&ssl=1"},"sameAs":["https:\/\/www.facebook.com\/Danijazz\/"]}]}},"jetpack_featured_media_url":"https:\/\/i0.wp.com\/www.jazzypunto.es\/jazzaragon\/wp-content\/uploads\/2021\/03\/Trompeta-Huesca.jpg?fit=1612%2C636&ssl=1","jetpack_sharing_enabled":true,"_links":{"self":[{"href":"https:\/\/www.jazzypunto.es\/jazzaragon\/wp-json\/wp\/v2\/posts\/11414","targetHints":{"allow":["GET"]}}],"collection":[{"href":"https:\/\/www.jazzypunto.es\/jazzaragon\/wp-json\/wp\/v2\/posts"}],"about":[{"href":"https:\/\/www.jazzypunto.es\/jazzaragon\/wp-json\/wp\/v2\/types\/post"}],"author":[{"embeddable":true,"href":"https:\/\/www.jazzypunto.es\/jazzaragon\/wp-json\/wp\/v2\/users\/1"}],"replies":[{"embeddable":true,"href":"https:\/\/www.jazzypunto.es\/jazzaragon\/wp-json\/wp\/v2\/comments?post=11414"}],"version-history":[{"count":3,"href":"https:\/\/www.jazzypunto.es\/jazzaragon\/wp-json\/wp\/v2\/posts\/11414\/revisions"}],"predecessor-version":[{"id":11423,"href":"https:\/\/www.jazzypunto.es\/jazzaragon\/wp-json\/wp\/v2\/posts\/11414\/revisions\/11423"}],"wp:featuredmedia":[{"embeddable":true,"href":"https:\/\/www.jazzypunto.es\/jazzaragon\/wp-json\/wp\/v2\/media\/11418"}],"wp:attachment":[{"href":"https:\/\/www.jazzypunto.es\/jazzaragon\/wp-json\/wp\/v2\/media?parent=11414"}],"wp:term":[{"taxonomy":"category","embeddable":true,"href":"https:\/\/www.jazzypunto.es\/jazzaragon\/wp-json\/wp\/v2\/categories?post=11414"},{"taxonomy":"post_tag","embeddable":true,"href":"https:\/\/www.jazzypunto.es\/jazzaragon\/wp-json\/wp\/v2\/tags?post=11414"}],"curies":[{"name":"wp","href":"https:\/\/api.w.org\/{rel}","templated":true}]}}