{"id":3104,"date":"2015-05-08T19:35:42","date_gmt":"2015-05-08T17:35:42","guid":{"rendered":"http:\/\/www.jazzypunto.es\/jazzaragon\/?p=3104"},"modified":"2015-05-13T19:24:38","modified_gmt":"2015-05-13T17:24:38","slug":"miguel-angel-remiro","status":"publish","type":"post","link":"https:\/\/www.jazzypunto.es\/jazzaragon\/miguel-angel-remiro\/","title":{"rendered":"Miguel \u00c1ngel Remiro"},"content":{"rendered":"<h2 style=\"text-align: center;\">Teatro del Mercado<\/h2>\n<h3 style=\"text-align: center;\">\u00abFlamenco Jazz\u00bb<\/h3>\n<h4 style=\"text-align: center;\">S\u00e1bado 9 \u00a0 \u00a0 \u00a0 20,30 horas<\/h4>\n<p style=\"text-align: center;\"><em><strong>11 \u20ac<\/strong><\/em><!--more--><\/p>\n<p style=\"text-align: center;\"><em>Miguel \u00c1ngel Remiro: Piano<\/em><\/p>\n<p style=\"text-align: center;\"><em>Chavi Naval: Saxos<\/em><\/p>\n<p style=\"text-align: center;\"><em>Javier Estella: Bajo<\/em><\/p>\n<p style=\"text-align: center;\"><em>Josu\u00e9 Barres: Percusi\u00f3n, Caj\u00f3n<\/em><\/p>\n<p style=\"text-align: center;\"><em>David Gim\u00e9nez: Baile<\/em><\/p>\n","protected":false},"excerpt":{"rendered":"<p>Teatro del Mercado \u00abFlamenco Jazz\u00bb S\u00e1bado 9 \u00a0 \u00a0 \u00a0 20,30 horas 11 \u20ac<\/p>\n","protected":false},"author":1,"featured_media":3107,"comment_status":"open","ping_status":"open","sticky":false,"template":"","format":"standard","meta":{"_jetpack_memberships_contains_paid_content":false,"footnotes":""},"categories":[126,74],"tags":[57,125,89,128,85],"class_list":["post-3104","post","type-post","status-publish","format-standard","has-post-thumbnail","hentry","category-flamenco","category-jazz","tag-jazz","tag-mayo","tag-quinteto","tag-teatro-del-mercado","tag-zaragoza"],"yoast_head":"<!-- This site is optimized with the Yoast SEO plugin v27.5 - https:\/\/yoast.com\/product\/yoast-seo-wordpress\/ -->\n<title>Miguel \u00c1ngel Remiro &#8212; Jazz Arag\u00f3n<\/title>\n<meta name=\"robots\" content=\"index, follow, max-snippet:-1, max-image-preview:large, max-video-preview:-1\" \/>\n<link rel=\"canonical\" href=\"https:\/\/www.jazzypunto.es\/jazzaragon\/miguel-angel-remiro\/\" \/>\n<meta property=\"og:locale\" content=\"es_ES\" \/>\n<meta property=\"og:type\" content=\"article\" \/>\n<meta property=\"og:title\" content=\"Miguel \u00c1ngel Remiro &#8212; Jazz Arag\u00f3n\" \/>\n<meta property=\"og:description\" content=\"Teatro del Mercado \u00abFlamenco Jazz\u00bb S\u00e1bado 9 \u00a0 \u00a0 \u00a0 20,30 horas 11 \u20ac\" \/>\n<meta property=\"og:url\" content=\"https:\/\/www.jazzypunto.es\/jazzaragon\/miguel-angel-remiro\/\" \/>\n<meta property=\"og:site_name\" content=\"Jazz Arag\u00f3n\" \/>\n<meta property=\"article:publisher\" content=\"https:\/\/www.facebook.com\/Danijazz\/\" \/>\n<meta property=\"article:author\" content=\"https:\/\/www.facebook.com\/Danijazz\/\" \/>\n<meta property=\"article:published_time\" content=\"2015-05-08T17:35:42+00:00\" \/>\n<meta property=\"article:modified_time\" content=\"2015-05-13T17:24:38+00:00\" \/>\n<meta property=\"og:image\" content=\"https:\/\/i0.wp.com\/www.jazzypunto.es\/jazzaragon\/wp-content\/uploads\/2015\/05\/Miguel-A-Remiro-BN.jpg?fit=1000%2C391&ssl=1\" \/>\n\t<meta property=\"og:image:width\" content=\"1000\" \/>\n\t<meta property=\"og:image:height\" content=\"391\" \/>\n\t<meta property=\"og:image:type\" content=\"image\/jpeg\" \/>\n<meta name=\"author\" content=\"Danijazz\" \/>\n<meta name=\"twitter:card\" content=\"summary_large_image\" \/>\n<meta name=\"twitter:creator\" content=\"@_jazzaragon\" \/>\n<meta name=\"twitter:site\" content=\"@_jazzaragon\" \/>\n<meta name=\"twitter:label1\" content=\"Escrito por\" \/>\n\t<meta name=\"twitter:data1\" content=\"Danijazz\" \/>\n<script type=\"application\/ld+json\" class=\"yoast-schema-graph\">{\"@context\":\"https:\\\/\\\/schema.org\",\"@graph\":[{\"@type\":\"Article\",\"@id\":\"https:\\\/\\\/www.jazzypunto.es\\\/jazzaragon\\\/miguel-angel-remiro\\\/#article\",\"isPartOf\":{\"@id\":\"https:\\\/\\\/www.jazzypunto.es\\\/jazzaragon\\\/miguel-angel-remiro\\\/\"},\"author\":{\"name\":\"Danijazz\",\"@id\":\"https:\\\/\\\/www.jazzypunto.es\\\/jazzaragon\\\/#\\\/schema\\\/person\\\/c0d650c3b28b68befb325c5cddc3b0fe\"},\"headline\":\"Miguel \u00c1ngel Remiro\",\"datePublished\":\"2015-05-08T17:35:42+00:00\",\"dateModified\":\"2015-05-13T17:24:38+00:00\",\"mainEntityOfPage\":{\"@id\":\"https:\\\/\\\/www.jazzypunto.es\\\/jazzaragon\\\/miguel-angel-remiro\\\/\"},\"wordCount\":31,\"commentCount\":0,\"publisher\":{\"@id\":\"https:\\\/\\\/www.jazzypunto.es\\\/jazzaragon\\\/#\\\/schema\\\/person\\\/c0d650c3b28b68befb325c5cddc3b0fe\"},\"image\":{\"@id\":\"https:\\\/\\\/www.jazzypunto.es\\\/jazzaragon\\\/miguel-angel-remiro\\\/#primaryimage\"},\"thumbnailUrl\":\"https:\\\/\\\/i0.wp.com\\\/www.jazzypunto.es\\\/jazzaragon\\\/wp-content\\\/uploads\\\/2015\\\/05\\\/Miguel-A-Remiro-BN.jpg?fit=1000%2C391&ssl=1\",\"keywords\":[\"Jazz\",\"Mayo\",\"quinteto\",\"Teatro del Mercado\",\"Zaragoza\"],\"articleSection\":[\"Flamenco\",\"Jazz\"],\"inLanguage\":\"es\",\"potentialAction\":[{\"@type\":\"CommentAction\",\"name\":\"Comment\",\"target\":[\"https:\\\/\\\/www.jazzypunto.es\\\/jazzaragon\\\/miguel-angel-remiro\\\/#respond\"]}]},{\"@type\":\"WebPage\",\"@id\":\"https:\\\/\\\/www.jazzypunto.es\\\/jazzaragon\\\/miguel-angel-remiro\\\/\",\"url\":\"https:\\\/\\\/www.jazzypunto.es\\\/jazzaragon\\\/miguel-angel-remiro\\\/\",\"name\":\"Miguel \u00c1ngel Remiro &#8212; Jazz Arag\u00f3n\",\"isPartOf\":{\"@id\":\"https:\\\/\\\/www.jazzypunto.es\\\/jazzaragon\\\/#website\"},\"primaryImageOfPage\":{\"@id\":\"https:\\\/\\\/www.jazzypunto.es\\\/jazzaragon\\\/miguel-angel-remiro\\\/#primaryimage\"},\"image\":{\"@id\":\"https:\\\/\\\/www.jazzypunto.es\\\/jazzaragon\\\/miguel-angel-remiro\\\/#primaryimage\"},\"thumbnailUrl\":\"https:\\\/\\\/i0.wp.com\\\/www.jazzypunto.es\\\/jazzaragon\\\/wp-content\\\/uploads\\\/2015\\\/05\\\/Miguel-A-Remiro-BN.jpg?fit=1000%2C391&ssl=1\",\"datePublished\":\"2015-05-08T17:35:42+00:00\",\"dateModified\":\"2015-05-13T17:24:38+00:00\",\"breadcrumb\":{\"@id\":\"https:\\\/\\\/www.jazzypunto.es\\\/jazzaragon\\\/miguel-angel-remiro\\\/#breadcrumb\"},\"inLanguage\":\"es\",\"potentialAction\":[{\"@type\":\"ReadAction\",\"target\":[\"https:\\\/\\\/www.jazzypunto.es\\\/jazzaragon\\\/miguel-angel-remiro\\\/\"]}]},{\"@type\":\"ImageObject\",\"inLanguage\":\"es\",\"@id\":\"https:\\\/\\\/www.jazzypunto.es\\\/jazzaragon\\\/miguel-angel-remiro\\\/#primaryimage\",\"url\":\"https:\\\/\\\/i0.wp.com\\\/www.jazzypunto.es\\\/jazzaragon\\\/wp-content\\\/uploads\\\/2015\\\/05\\\/Miguel-A-Remiro-BN.jpg?fit=1000%2C391&ssl=1\",\"contentUrl\":\"https:\\\/\\\/i0.wp.com\\\/www.jazzypunto.es\\\/jazzaragon\\\/wp-content\\\/uploads\\\/2015\\\/05\\\/Miguel-A-Remiro-BN.jpg?fit=1000%2C391&ssl=1\",\"width\":1000,\"height\":391},{\"@type\":\"BreadcrumbList\",\"@id\":\"https:\\\/\\\/www.jazzypunto.es\\\/jazzaragon\\\/miguel-angel-remiro\\\/#breadcrumb\",\"itemListElement\":[{\"@type\":\"ListItem\",\"position\":1,\"name\":\"Portada\",\"item\":\"https:\\\/\\\/www.jazzypunto.es\\\/jazzaragon\\\/\"},{\"@type\":\"ListItem\",\"position\":2,\"name\":\"Miguel \u00c1ngel Remiro\"}]},{\"@type\":\"WebSite\",\"@id\":\"https:\\\/\\\/www.jazzypunto.es\\\/jazzaragon\\\/#website\",\"url\":\"https:\\\/\\\/www.jazzypunto.es\\\/jazzaragon\\\/\",\"name\":\"Jazz Arag\u00f3n\",\"description\":\"Historia y Actualidad\",\"publisher\":{\"@id\":\"https:\\\/\\\/www.jazzypunto.es\\\/jazzaragon\\\/#\\\/schema\\\/person\\\/c0d650c3b28b68befb325c5cddc3b0fe\"},\"potentialAction\":[{\"@type\":\"SearchAction\",\"target\":{\"@type\":\"EntryPoint\",\"urlTemplate\":\"https:\\\/\\\/www.jazzypunto.es\\\/jazzaragon\\\/?s={search_term_string}\"},\"query-input\":{\"@type\":\"PropertyValueSpecification\",\"valueRequired\":true,\"valueName\":\"search_term_string\"}}],\"inLanguage\":\"es\"},{\"@type\":[\"Person\",\"Organization\"],\"@id\":\"https:\\\/\\\/www.jazzypunto.es\\\/jazzaragon\\\/#\\\/schema\\\/person\\\/c0d650c3b28b68befb325c5cddc3b0fe\",\"name\":\"Danijazz\",\"image\":{\"@type\":\"ImageObject\",\"inLanguage\":\"es\",\"@id\":\"https:\\\/\\\/i0.wp.com\\\/www.jazzypunto.es\\\/jazzaragon\\\/wp-content\\\/uploads\\\/2022\\\/11\\\/Benja_Daniel-e1667983357479.jpg?fit=1000%2C975&ssl=1\",\"url\":\"https:\\\/\\\/i0.wp.com\\\/www.jazzypunto.es\\\/jazzaragon\\\/wp-content\\\/uploads\\\/2022\\\/11\\\/Benja_Daniel-e1667983357479.jpg?fit=1000%2C975&ssl=1\",\"contentUrl\":\"https:\\\/\\\/i0.wp.com\\\/www.jazzypunto.es\\\/jazzaragon\\\/wp-content\\\/uploads\\\/2022\\\/11\\\/Benja_Daniel-e1667983357479.jpg?fit=1000%2C975&ssl=1\",\"width\":1000,\"height\":975,\"caption\":\"Danijazz\"},\"logo\":{\"@id\":\"https:\\\/\\\/i0.wp.com\\\/www.jazzypunto.es\\\/jazzaragon\\\/wp-content\\\/uploads\\\/2022\\\/11\\\/Benja_Daniel-e1667983357479.jpg?fit=1000%2C975&ssl=1\"},\"sameAs\":[\"https:\\\/\\\/www.facebook.com\\\/Danijazz\\\/\"]}]}<\/script>\n<!-- \/ Yoast SEO plugin. -->","yoast_head_json":{"title":"Miguel \u00c1ngel Remiro &#8212; Jazz Arag\u00f3n","robots":{"index":"index","follow":"follow","max-snippet":"max-snippet:-1","max-image-preview":"max-image-preview:large","max-video-preview":"max-video-preview:-1"},"canonical":"https:\/\/www.jazzypunto.es\/jazzaragon\/miguel-angel-remiro\/","og_locale":"es_ES","og_type":"article","og_title":"Miguel \u00c1ngel Remiro &#8212; Jazz Arag\u00f3n","og_description":"Teatro del Mercado \u00abFlamenco Jazz\u00bb S\u00e1bado 9 \u00a0 \u00a0 \u00a0 20,30 horas 11 \u20ac","og_url":"https:\/\/www.jazzypunto.es\/jazzaragon\/miguel-angel-remiro\/","og_site_name":"Jazz Arag\u00f3n","article_publisher":"https:\/\/www.facebook.com\/Danijazz\/","article_author":"https:\/\/www.facebook.com\/Danijazz\/","article_published_time":"2015-05-08T17:35:42+00:00","article_modified_time":"2015-05-13T17:24:38+00:00","og_image":[{"width":1000,"height":391,"url":"https:\/\/i0.wp.com\/www.jazzypunto.es\/jazzaragon\/wp-content\/uploads\/2015\/05\/Miguel-A-Remiro-BN.jpg?fit=1000%2C391&ssl=1","type":"image\/jpeg"}],"author":"Danijazz","twitter_card":"summary_large_image","twitter_creator":"@_jazzaragon","twitter_site":"@_jazzaragon","twitter_misc":{"Escrito por":"Danijazz"},"schema":{"@context":"https:\/\/schema.org","@graph":[{"@type":"Article","@id":"https:\/\/www.jazzypunto.es\/jazzaragon\/miguel-angel-remiro\/#article","isPartOf":{"@id":"https:\/\/www.jazzypunto.es\/jazzaragon\/miguel-angel-remiro\/"},"author":{"name":"Danijazz","@id":"https:\/\/www.jazzypunto.es\/jazzaragon\/#\/schema\/person\/c0d650c3b28b68befb325c5cddc3b0fe"},"headline":"Miguel \u00c1ngel Remiro","datePublished":"2015-05-08T17:35:42+00:00","dateModified":"2015-05-13T17:24:38+00:00","mainEntityOfPage":{"@id":"https:\/\/www.jazzypunto.es\/jazzaragon\/miguel-angel-remiro\/"},"wordCount":31,"commentCount":0,"publisher":{"@id":"https:\/\/www.jazzypunto.es\/jazzaragon\/#\/schema\/person\/c0d650c3b28b68befb325c5cddc3b0fe"},"image":{"@id":"https:\/\/www.jazzypunto.es\/jazzaragon\/miguel-angel-remiro\/#primaryimage"},"thumbnailUrl":"https:\/\/i0.wp.com\/www.jazzypunto.es\/jazzaragon\/wp-content\/uploads\/2015\/05\/Miguel-A-Remiro-BN.jpg?fit=1000%2C391&ssl=1","keywords":["Jazz","Mayo","quinteto","Teatro del Mercado","Zaragoza"],"articleSection":["Flamenco","Jazz"],"inLanguage":"es","potentialAction":[{"@type":"CommentAction","name":"Comment","target":["https:\/\/www.jazzypunto.es\/jazzaragon\/miguel-angel-remiro\/#respond"]}]},{"@type":"WebPage","@id":"https:\/\/www.jazzypunto.es\/jazzaragon\/miguel-angel-remiro\/","url":"https:\/\/www.jazzypunto.es\/jazzaragon\/miguel-angel-remiro\/","name":"Miguel \u00c1ngel Remiro &#8212; Jazz Arag\u00f3n","isPartOf":{"@id":"https:\/\/www.jazzypunto.es\/jazzaragon\/#website"},"primaryImageOfPage":{"@id":"https:\/\/www.jazzypunto.es\/jazzaragon\/miguel-angel-remiro\/#primaryimage"},"image":{"@id":"https:\/\/www.jazzypunto.es\/jazzaragon\/miguel-angel-remiro\/#primaryimage"},"thumbnailUrl":"https:\/\/i0.wp.com\/www.jazzypunto.es\/jazzaragon\/wp-content\/uploads\/2015\/05\/Miguel-A-Remiro-BN.jpg?fit=1000%2C391&ssl=1","datePublished":"2015-05-08T17:35:42+00:00","dateModified":"2015-05-13T17:24:38+00:00","breadcrumb":{"@id":"https:\/\/www.jazzypunto.es\/jazzaragon\/miguel-angel-remiro\/#breadcrumb"},"inLanguage":"es","potentialAction":[{"@type":"ReadAction","target":["https:\/\/www.jazzypunto.es\/jazzaragon\/miguel-angel-remiro\/"]}]},{"@type":"ImageObject","inLanguage":"es","@id":"https:\/\/www.jazzypunto.es\/jazzaragon\/miguel-angel-remiro\/#primaryimage","url":"https:\/\/i0.wp.com\/www.jazzypunto.es\/jazzaragon\/wp-content\/uploads\/2015\/05\/Miguel-A-Remiro-BN.jpg?fit=1000%2C391&ssl=1","contentUrl":"https:\/\/i0.wp.com\/www.jazzypunto.es\/jazzaragon\/wp-content\/uploads\/2015\/05\/Miguel-A-Remiro-BN.jpg?fit=1000%2C391&ssl=1","width":1000,"height":391},{"@type":"BreadcrumbList","@id":"https:\/\/www.jazzypunto.es\/jazzaragon\/miguel-angel-remiro\/#breadcrumb","itemListElement":[{"@type":"ListItem","position":1,"name":"Portada","item":"https:\/\/www.jazzypunto.es\/jazzaragon\/"},{"@type":"ListItem","position":2,"name":"Miguel \u00c1ngel Remiro"}]},{"@type":"WebSite","@id":"https:\/\/www.jazzypunto.es\/jazzaragon\/#website","url":"https:\/\/www.jazzypunto.es\/jazzaragon\/","name":"Jazz Arag\u00f3n","description":"Historia y Actualidad","publisher":{"@id":"https:\/\/www.jazzypunto.es\/jazzaragon\/#\/schema\/person\/c0d650c3b28b68befb325c5cddc3b0fe"},"potentialAction":[{"@type":"SearchAction","target":{"@type":"EntryPoint","urlTemplate":"https:\/\/www.jazzypunto.es\/jazzaragon\/?s={search_term_string}"},"query-input":{"@type":"PropertyValueSpecification","valueRequired":true,"valueName":"search_term_string"}}],"inLanguage":"es"},{"@type":["Person","Organization"],"@id":"https:\/\/www.jazzypunto.es\/jazzaragon\/#\/schema\/person\/c0d650c3b28b68befb325c5cddc3b0fe","name":"Danijazz","image":{"@type":"ImageObject","inLanguage":"es","@id":"https:\/\/i0.wp.com\/www.jazzypunto.es\/jazzaragon\/wp-content\/uploads\/2022\/11\/Benja_Daniel-e1667983357479.jpg?fit=1000%2C975&ssl=1","url":"https:\/\/i0.wp.com\/www.jazzypunto.es\/jazzaragon\/wp-content\/uploads\/2022\/11\/Benja_Daniel-e1667983357479.jpg?fit=1000%2C975&ssl=1","contentUrl":"https:\/\/i0.wp.com\/www.jazzypunto.es\/jazzaragon\/wp-content\/uploads\/2022\/11\/Benja_Daniel-e1667983357479.jpg?fit=1000%2C975&ssl=1","width":1000,"height":975,"caption":"Danijazz"},"logo":{"@id":"https:\/\/i0.wp.com\/www.jazzypunto.es\/jazzaragon\/wp-content\/uploads\/2022\/11\/Benja_Daniel-e1667983357479.jpg?fit=1000%2C975&ssl=1"},"sameAs":["https:\/\/www.facebook.com\/Danijazz\/"]}]}},"jetpack_featured_media_url":"https:\/\/i0.wp.com\/www.jazzypunto.es\/jazzaragon\/wp-content\/uploads\/2015\/05\/Miguel-A-Remiro-BN.jpg?fit=1000%2C391&ssl=1","jetpack_sharing_enabled":true,"_links":{"self":[{"href":"https:\/\/www.jazzypunto.es\/jazzaragon\/wp-json\/wp\/v2\/posts\/3104","targetHints":{"allow":["GET"]}}],"collection":[{"href":"https:\/\/www.jazzypunto.es\/jazzaragon\/wp-json\/wp\/v2\/posts"}],"about":[{"href":"https:\/\/www.jazzypunto.es\/jazzaragon\/wp-json\/wp\/v2\/types\/post"}],"author":[{"embeddable":true,"href":"https:\/\/www.jazzypunto.es\/jazzaragon\/wp-json\/wp\/v2\/users\/1"}],"replies":[{"embeddable":true,"href":"https:\/\/www.jazzypunto.es\/jazzaragon\/wp-json\/wp\/v2\/comments?post=3104"}],"version-history":[{"count":5,"href":"https:\/\/www.jazzypunto.es\/jazzaragon\/wp-json\/wp\/v2\/posts\/3104\/revisions"}],"predecessor-version":[{"id":3146,"href":"https:\/\/www.jazzypunto.es\/jazzaragon\/wp-json\/wp\/v2\/posts\/3104\/revisions\/3146"}],"wp:featuredmedia":[{"embeddable":true,"href":"https:\/\/www.jazzypunto.es\/jazzaragon\/wp-json\/wp\/v2\/media\/3107"}],"wp:attachment":[{"href":"https:\/\/www.jazzypunto.es\/jazzaragon\/wp-json\/wp\/v2\/media?parent=3104"}],"wp:term":[{"taxonomy":"category","embeddable":true,"href":"https:\/\/www.jazzypunto.es\/jazzaragon\/wp-json\/wp\/v2\/categories?post=3104"},{"taxonomy":"post_tag","embeddable":true,"href":"https:\/\/www.jazzypunto.es\/jazzaragon\/wp-json\/wp\/v2\/tags?post=3104"}],"curies":[{"name":"wp","href":"https:\/\/api.w.org\/{rel}","templated":true}]}}